{"id":4217,"date":"2023-04-26T14:57:43","date_gmt":"2023-04-26T12:57:43","guid":{"rendered":"https:\/\/ricochets.ch\/?p=4217"},"modified":"2023-06-20T12:51:36","modified_gmt":"2023-06-20T10:51:36","slug":"analyse-de-marque-personnelle-alexandre-ricard","status":"publish","type":"post","link":"https:\/\/ricochets.ch\/en\/analyse-de-marque-personnelle-alexandre-ricard\/","title":{"rendered":"Analyse de marque personnelle &#8211; Alexandre Ricard"},"content":{"rendered":"<p>Chaque mois, nous relevons les bonnes pratiques d\u2019un cadre en mati\u00e8re de personal branding. Cette fois-ci, nous\u00a0vous proposons l\u2019analyse des techniques d\u2019Alexandre Ricard, PDG de Pernod-Ricard.<\/p>\n<h3>Constats Google<\/h3>\n<p>Alexandre Ricard est le PDG de Pernod-Ricard, num\u00e9ro deux mondial du secteur des vins et spiritueux. Aussi, il est le plus jeune patron des entreprises list\u00e9es au CAC 40. Ces deux distinctions assoient sa r\u00e9putation d\u2019homme d\u2019affaires en France, mais \u00e9galement \u00e0 l\u2019\u00e9tranger.<br \/>\nPatron d\u2019une multinationale tr\u00e8s d\u00e9centralis\u00e9e en raison de sa politique d\u2019acquisition, Alexandre Ricard s\u2019est habilement dot\u00e9\u00a0d\u2019un profil Wikipedia en anglais. Cette strat\u00e9gie \u2013 qui n\u2019est pas du tout syst\u00e9matique pour les autres PDG fran\u00e7ais \u2013 d\u00e9montre\u00a0son ambition internationale. Un atout pour un dirigeant qui envisage de devenir le num\u00e9ro un mondial de son secteur.<\/p>\n<p>Tout d\u2019abord, une page Wikipedia qui met de suite en avant son statut de jeune patron d\u2019une multinationale. On notera\u00a0l\u2019\u00e9quilibre entre les photos business, cravate et regard s\u00e9rieux, et les photos plus casual, position plus d\u00e9tendue, sourire et\u00a0chemise ouverte.<\/p>\n<h2><img fetchpriority=\"high\" decoding=\"async\" src=\"http:\/\/ricochets.ch\/wp-content\/uploads\/2021\/08\/Alexandre-Google.jpg\" alt=\"\" width=\"638\" height=\"360\" \/><\/h2>\n<h3>Constat LinkedIn<\/h3>\n<p>La communication d\u2019Alexandre Ricard devient remarquable d\u00e8s l\u2019instant o\u00f9 l\u2019on s\u2019int\u00e9resse au contenu de ses publications.<br \/>\nLe PDG r\u00e9dige des articles sur Linkedin, qu\u2019il publie tous les deux \u00e0 trois mois. Il y aborde habilement des sujets qui mettent souvent en avant les valeurs de son entreprise. Ces articles sont r\u00e9dig\u00e9s d\u2019un ton direct, jovial et surtout en anglais, ce qui lui permet de toucher une communaut\u00e9 bien plus large.<br \/>\nUne communication qui porte ses fruits: des likes, des partages et surtout, des commentaires positifs \u00e0 son \u00e9gard et celle de l\u2019entreprise. Il se taille ainsi l\u2019image d\u2019un PDG accessible, convivial, visionnaire et appr\u00e9ci\u00e9.<\/p>\n<h2><img decoding=\"async\" src=\"http:\/\/ricochets.ch\/wp-content\/uploads\/2021\/08\/Alexandre-Linkedin.jpg\" alt=\"\" width=\"637\" height=\"361\" \/><\/h2>\n<h3>Constats Facebook<\/h3>\n<p>Un patron du CAC 40 en sweat shirt, d\u00e9contract\u00e9 et souriant: Alexandre Ricard affiche son accessibilit\u00e9 sur ce r\u00e9seau social\u00a0tout public. Pour preuve, il r\u00e9pond m\u00eame \u00e0 un internaute dans quel shop acheter son sweater \u201cconvivialist\u201d.<br \/>\nUne banni\u00e8re identique \u00e0 celle que l\u2019on retrouve sur le profil Linkedin, gage de r\u00e9gularit\u00e9 dans l\u2019image propag\u00e9e sur les r\u00e9seaux sociaux.<\/p>\n<h3>Constats Instagram<\/h3>\n<p>Sur son compte certifi\u00e9,\u00a0 Alexandre Ricard est tr\u00e8s \u00e0 l\u2019aise pour communiquer. Il alterne les publications \u201cproduits\u201d, sortie \u00e9v\u00e9nementielle et moments de partage avec ses collaborateurs. Ce dernier aspect est vraiment puissant en terme de communication et rend ce patron proche de ses employ\u00e9s, alors que Pernod-Ricard est une soci\u00e9t\u00e9 fortement d\u00e9centralis\u00e9e. A l\u2019image de cette vid\u00e9o \u201cboomerang\u201d sur laquelle il trinque avec une collaboratrice espagnole ou son responsable RH\u00a0 \u00e0 l\u2019occasion des F\u00eates de No\u00ebl.<\/p>\n<h2><img decoding=\"async\" src=\"http:\/\/ricochets.ch\/wp-content\/uploads\/2021\/08\/Alexandre-Instagram.jpg\" alt=\"\" width=\"638\" height=\"360\" \/><\/h2>\n<h3>Conclusion<\/h3>\n<p><b>Un PDG authentique et convivial.\u00a0<\/b><br \/>\nUne ma\u00eetrise des audiences et un positionnement clair.<\/p>\n<ul>\n<li style=\"list-style-type: none;\">\n<ul>\n<li>Sur Linkedin, Alexandre Ricard communique de fa\u00e7on rigoureuse, en publiant des posts sur l\u2019activit\u00e9 de l\u2019entreprise et en r\u00e9digeant des articles sur sa vision et sa philosophie de d\u00e9veloppement des affaires. Influenceur, il aborde avec ma\u00eetrise des sujets tels la transformation digitale ou la responsabilit\u00e9 sociale d\u2019un groupe du CAC 40.<\/li>\n<\/ul>\n<\/li>\n<\/ul>\n<p>L\u2019entrepreneur a su segmenter ses audiences et adapter son message \u00e0 leurs attentes respectives. Tout en gardant sa passion et sa convivialit\u00e9, il distille des communications de nature diff\u00e9rente sur chaque r\u00e9seau social et touche ainsi un plus large public, comprenant tant des cadres de l\u2019industrie que des employ\u00e9s ou des clients potentiels.<br \/>\nAlexandre Ricard endosse ainsi parfaitement son costume de plus jeune patron du CAC 40 et donne parfois des airs de start-up \u00e0 son groupe. En soignant sa r\u00e9putation digitale, il s\u2019est constitu\u00e9 la cr\u00e9dibilit\u00e9 n\u00e9cessaire pour porter la transition digitale de Pernod Ricard.<\/p>","protected":false},"excerpt":{"rendered":"<p>Chaque mois, nous relevons les bonnes pratiques d\u2019un cadre en mati\u00e8re de personal branding. Cette fois-ci, nous\u00a0vous proposons l\u2019analyse des techniques d\u2019Alexandre Ricard, PDG de Pernod-Ricard. Constats Google Alexandre Ricard est le PDG de Pernod-Ricard, num\u00e9ro deux mondial du secteur des vins et spiritueux. Aussi, il est le plus jeune patron des entreprises list\u00e9es au [&hellip;]<\/p>\n","protected":false},"author":2,"featured_media":32669,"comment_status":"closed","ping_status":"closed","sticky":false,"template":"","format":"standard","meta":{"_monsterinsights_skip_tracking":false,"_monsterinsights_sitenote_active":false,"_monsterinsights_sitenote_note":"","_monsterinsights_sitenote_category":0,"footnotes":""},"categories":[14,63,11],"tags":[62,64,23,65,12],"class_list":["post-4217","post","type-post","status-publish","format-standard","has-post-thumbnail","hentry","category-branding","category-communication","category-marque-personnelle","tag-ambassadeurs","tag-community-management","tag-conseils","tag-guerilla-marketing","tag-marque-personnelle"],"yoast_head":"<!-- This site is optimized with the Yoast SEO plugin v27.5 - https:\/\/yoast.com\/product\/yoast-seo-wordpress\/ -->\n<title>Analyse de marque personnelle - Alexandre Ricard - Ricochets<\/title>\n<meta name=\"description\" content=\"Alexandre Ricard est le PDG de Pernod-Ricard, num\u00e9ro deux mondial du secteur des vins et spiritueux. Voici son analyse de r\u00e9putation digitale.\" \/>\n<meta name=\"robots\" content=\"index, follow, max-snippet:-1, max-image-preview:large, max-video-preview:-1\" \/>\n<link rel=\"canonical\" href=\"https:\/\/ricochets.ch\/en\/analyse-de-marque-personnelle-alexandre-ricard\/\" \/>\n<meta property=\"og:locale\" content=\"en_US\" \/>\n<meta property=\"og:type\" content=\"article\" \/>\n<meta property=\"og:title\" content=\"Analyse de marque personnelle - Alexandre Ricard - Ricochets\" \/>\n<meta property=\"og:description\" content=\"Alexandre Ricard est le PDG de Pernod-Ricard, num\u00e9ro deux mondial du secteur des vins et spiritueux. Voici son analyse de r\u00e9putation digitale.\" \/>\n<meta property=\"og:url\" content=\"https:\/\/ricochets.ch\/en\/analyse-de-marque-personnelle-alexandre-ricard\/\" \/>\n<meta property=\"og:site_name\" content=\"Ricochets\" \/>\n<meta property=\"article:published_time\" content=\"2023-04-26T12:57:43+00:00\" \/>\n<meta property=\"article:modified_time\" content=\"2023-06-20T10:51:36+00:00\" \/>\n<meta property=\"og:image\" content=\"http:\/\/ricochets.ch\/wp-content\/uploads\/2023\/04\/Ricochets-Bannieres-articles-site-web-3.png\" \/>\n\t<meta property=\"og:image:width\" content=\"1024\" \/>\n\t<meta property=\"og:image:height\" content=\"683\" \/>\n\t<meta property=\"og:image:type\" content=\"image\/png\" \/>\n<meta name=\"author\" content=\"Renaud Margairaz\" \/>\n<meta name=\"twitter:card\" content=\"summary_large_image\" \/>\n<meta name=\"twitter:label1\" content=\"Written by\" \/>\n\t<meta name=\"twitter:data1\" content=\"Renaud Margairaz\" \/>\n\t<meta name=\"twitter:label2\" content=\"Est. reading time\" \/>\n\t<meta name=\"twitter:data2\" content=\"4 minutes\" \/>\n<script type=\"application\/ld+json\" class=\"yoast-schema-graph\">{\"@context\":\"https:\\\/\\\/schema.org\",\"@graph\":[{\"@type\":\"Article\",\"@id\":\"https:\\\/\\\/ricochets.ch\\\/analyse-de-marque-personnelle-alexandre-ricard\\\/#article\",\"isPartOf\":{\"@id\":\"https:\\\/\\\/ricochets.ch\\\/analyse-de-marque-personnelle-alexandre-ricard\\\/\"},\"author\":{\"name\":\"Renaud Margairaz\",\"@id\":\"https:\\\/\\\/ricochets.ch\\\/#\\\/schema\\\/person\\\/6f617fc578cf74f2b6287b3c3e643663\"},\"headline\":\"Analyse de marque personnelle &#8211; Alexandre Ricard\",\"datePublished\":\"2023-04-26T12:57:43+00:00\",\"dateModified\":\"2023-06-20T10:51:36+00:00\",\"mainEntityOfPage\":{\"@id\":\"https:\\\/\\\/ricochets.ch\\\/analyse-de-marque-personnelle-alexandre-ricard\\\/\"},\"wordCount\":649,\"publisher\":{\"@id\":\"https:\\\/\\\/ricochets.ch\\\/#organization\"},\"image\":{\"@id\":\"https:\\\/\\\/ricochets.ch\\\/analyse-de-marque-personnelle-alexandre-ricard\\\/#primaryimage\"},\"thumbnailUrl\":\"https:\\\/\\\/ricochets.ch\\\/wp-content\\\/uploads\\\/2023\\\/04\\\/Ricochets-Bannieres-articles-site-web-3.png\",\"keywords\":[\"ambassadeurs\",\"Community Management\",\"conseils\",\"guerilla marketing\",\"Marque Personnelle\"],\"articleSection\":[\"Branding\",\"Communication\",\"Marque Personelle\"],\"inLanguage\":\"en-US\"},{\"@type\":\"WebPage\",\"@id\":\"https:\\\/\\\/ricochets.ch\\\/analyse-de-marque-personnelle-alexandre-ricard\\\/\",\"url\":\"https:\\\/\\\/ricochets.ch\\\/analyse-de-marque-personnelle-alexandre-ricard\\\/\",\"name\":\"Analyse de marque personnelle - Alexandre Ricard - Ricochets\",\"isPartOf\":{\"@id\":\"https:\\\/\\\/ricochets.ch\\\/#website\"},\"primaryImageOfPage\":{\"@id\":\"https:\\\/\\\/ricochets.ch\\\/analyse-de-marque-personnelle-alexandre-ricard\\\/#primaryimage\"},\"image\":{\"@id\":\"https:\\\/\\\/ricochets.ch\\\/analyse-de-marque-personnelle-alexandre-ricard\\\/#primaryimage\"},\"thumbnailUrl\":\"https:\\\/\\\/ricochets.ch\\\/wp-content\\\/uploads\\\/2023\\\/04\\\/Ricochets-Bannieres-articles-site-web-3.png\",\"datePublished\":\"2023-04-26T12:57:43+00:00\",\"dateModified\":\"2023-06-20T10:51:36+00:00\",\"description\":\"Alexandre Ricard est le PDG de Pernod-Ricard, num\u00e9ro deux mondial du secteur des vins et spiritueux. Voici son analyse de r\u00e9putation digitale.\",\"breadcrumb\":{\"@id\":\"https:\\\/\\\/ricochets.ch\\\/analyse-de-marque-personnelle-alexandre-ricard\\\/#breadcrumb\"},\"inLanguage\":\"en-US\",\"potentialAction\":[{\"@type\":\"ReadAction\",\"target\":[\"https:\\\/\\\/ricochets.ch\\\/analyse-de-marque-personnelle-alexandre-ricard\\\/\"]}]},{\"@type\":\"ImageObject\",\"inLanguage\":\"en-US\",\"@id\":\"https:\\\/\\\/ricochets.ch\\\/analyse-de-marque-personnelle-alexandre-ricard\\\/#primaryimage\",\"url\":\"https:\\\/\\\/ricochets.ch\\\/wp-content\\\/uploads\\\/2023\\\/04\\\/Ricochets-Bannieres-articles-site-web-3.png\",\"contentUrl\":\"https:\\\/\\\/ricochets.ch\\\/wp-content\\\/uploads\\\/2023\\\/04\\\/Ricochets-Bannieres-articles-site-web-3.png\",\"width\":1024,\"height\":683},{\"@type\":\"BreadcrumbList\",\"@id\":\"https:\\\/\\\/ricochets.ch\\\/analyse-de-marque-personnelle-alexandre-ricard\\\/#breadcrumb\",\"itemListElement\":[{\"@type\":\"ListItem\",\"position\":1,\"name\":\"Home\",\"item\":\"https:\\\/\\\/ricochets.ch\\\/\"},{\"@type\":\"ListItem\",\"position\":2,\"name\":\"Analyse de marque personnelle &#8211; Alexandre Ricard\"}]},{\"@type\":\"WebSite\",\"@id\":\"https:\\\/\\\/ricochets.ch\\\/#website\",\"url\":\"https:\\\/\\\/ricochets.ch\\\/\",\"name\":\"Ricochets Communication\",\"description\":\"Votre agence d&#039;employee advocacy \u00e0 Lausanne\",\"publisher\":{\"@id\":\"https:\\\/\\\/ricochets.ch\\\/#organization\"},\"potentialAction\":[{\"@type\":\"SearchAction\",\"target\":{\"@type\":\"EntryPoint\",\"urlTemplate\":\"https:\\\/\\\/ricochets.ch\\\/?s={search_term_string}\"},\"query-input\":{\"@type\":\"PropertyValueSpecification\",\"valueRequired\":true,\"valueName\":\"search_term_string\"}}],\"inLanguage\":\"en-US\"},{\"@type\":\"Organization\",\"@id\":\"https:\\\/\\\/ricochets.ch\\\/#organization\",\"name\":\"Ricochets Communication\",\"url\":\"https:\\\/\\\/ricochets.ch\\\/\",\"logo\":{\"@type\":\"ImageObject\",\"inLanguage\":\"en-US\",\"@id\":\"https:\\\/\\\/ricochets.ch\\\/#\\\/schema\\\/logo\\\/image\\\/\",\"url\":\"https:\\\/\\\/ricochets.ch\\\/wp-content\\\/uploads\\\/2023\\\/04\\\/full-logo-blue.svg\",\"contentUrl\":\"https:\\\/\\\/ricochets.ch\\\/wp-content\\\/uploads\\\/2023\\\/04\\\/full-logo-blue.svg\",\"width\":300,\"height\":94,\"caption\":\"Ricochets Communication\"},\"image\":{\"@id\":\"https:\\\/\\\/ricochets.ch\\\/#\\\/schema\\\/logo\\\/image\\\/\"}},{\"@type\":\"Person\",\"@id\":\"https:\\\/\\\/ricochets.ch\\\/#\\\/schema\\\/person\\\/6f617fc578cf74f2b6287b3c3e643663\",\"name\":\"Renaud Margairaz\",\"image\":{\"@type\":\"ImageObject\",\"inLanguage\":\"en-US\",\"@id\":\"https:\\\/\\\/secure.gravatar.com\\\/avatar\\\/5cb4a3decebb30d6cf7ccfc3ac6cffc40f721261912bcc946141dd370c16d986?s=96&d=mm&r=g\",\"url\":\"https:\\\/\\\/secure.gravatar.com\\\/avatar\\\/5cb4a3decebb30d6cf7ccfc3ac6cffc40f721261912bcc946141dd370c16d986?s=96&d=mm&r=g\",\"contentUrl\":\"https:\\\/\\\/secure.gravatar.com\\\/avatar\\\/5cb4a3decebb30d6cf7ccfc3ac6cffc40f721261912bcc946141dd370c16d986?s=96&d=mm&r=g\",\"caption\":\"Renaud Margairaz\"},\"url\":\"https:\\\/\\\/ricochets.ch\\\/en\\\/author\\\/renaud\\\/\"}]}<\/script>\n<!-- \/ Yoast SEO plugin. -->","yoast_head_json":{"title":"Analyse de marque personnelle - Alexandre Ricard - Ricochets","description":"Alexandre Ricard est le PDG de Pernod-Ricard, num\u00e9ro deux mondial du secteur des vins et spiritueux. Voici son analyse de r\u00e9putation digitale.","robots":{"index":"index","follow":"follow","max-snippet":"max-snippet:-1","max-image-preview":"max-image-preview:large","max-video-preview":"max-video-preview:-1"},"canonical":"https:\/\/ricochets.ch\/en\/analyse-de-marque-personnelle-alexandre-ricard\/","og_locale":"en_US","og_type":"article","og_title":"Analyse de marque personnelle - Alexandre Ricard - Ricochets","og_description":"Alexandre Ricard est le PDG de Pernod-Ricard, num\u00e9ro deux mondial du secteur des vins et spiritueux. Voici son analyse de r\u00e9putation digitale.","og_url":"https:\/\/ricochets.ch\/en\/analyse-de-marque-personnelle-alexandre-ricard\/","og_site_name":"Ricochets","article_published_time":"2023-04-26T12:57:43+00:00","article_modified_time":"2023-06-20T10:51:36+00:00","og_image":[{"width":1024,"height":683,"url":"http:\/\/ricochets.ch\/wp-content\/uploads\/2023\/04\/Ricochets-Bannieres-articles-site-web-3.png","type":"image\/png"}],"author":"Renaud Margairaz","twitter_card":"summary_large_image","twitter_misc":{"Written by":"Renaud Margairaz","Est. reading time":"4 minutes"},"schema":{"@context":"https:\/\/schema.org","@graph":[{"@type":"Article","@id":"https:\/\/ricochets.ch\/analyse-de-marque-personnelle-alexandre-ricard\/#article","isPartOf":{"@id":"https:\/\/ricochets.ch\/analyse-de-marque-personnelle-alexandre-ricard\/"},"author":{"name":"Renaud Margairaz","@id":"https:\/\/ricochets.ch\/#\/schema\/person\/6f617fc578cf74f2b6287b3c3e643663"},"headline":"Analyse de marque personnelle &#8211; Alexandre Ricard","datePublished":"2023-04-26T12:57:43+00:00","dateModified":"2023-06-20T10:51:36+00:00","mainEntityOfPage":{"@id":"https:\/\/ricochets.ch\/analyse-de-marque-personnelle-alexandre-ricard\/"},"wordCount":649,"publisher":{"@id":"https:\/\/ricochets.ch\/#organization"},"image":{"@id":"https:\/\/ricochets.ch\/analyse-de-marque-personnelle-alexandre-ricard\/#primaryimage"},"thumbnailUrl":"https:\/\/ricochets.ch\/wp-content\/uploads\/2023\/04\/Ricochets-Bannieres-articles-site-web-3.png","keywords":["ambassadeurs","Community Management","conseils","guerilla marketing","Marque Personnelle"],"articleSection":["Branding","Communication","Marque Personelle"],"inLanguage":"en-US"},{"@type":"WebPage","@id":"https:\/\/ricochets.ch\/analyse-de-marque-personnelle-alexandre-ricard\/","url":"https:\/\/ricochets.ch\/analyse-de-marque-personnelle-alexandre-ricard\/","name":"Analyse de marque personnelle - Alexandre Ricard - Ricochets","isPartOf":{"@id":"https:\/\/ricochets.ch\/#website"},"primaryImageOfPage":{"@id":"https:\/\/ricochets.ch\/analyse-de-marque-personnelle-alexandre-ricard\/#primaryimage"},"image":{"@id":"https:\/\/ricochets.ch\/analyse-de-marque-personnelle-alexandre-ricard\/#primaryimage"},"thumbnailUrl":"https:\/\/ricochets.ch\/wp-content\/uploads\/2023\/04\/Ricochets-Bannieres-articles-site-web-3.png","datePublished":"2023-04-26T12:57:43+00:00","dateModified":"2023-06-20T10:51:36+00:00","description":"Alexandre Ricard est le PDG de Pernod-Ricard, num\u00e9ro deux mondial du secteur des vins et spiritueux. Voici son analyse de r\u00e9putation digitale.","breadcrumb":{"@id":"https:\/\/ricochets.ch\/analyse-de-marque-personnelle-alexandre-ricard\/#breadcrumb"},"inLanguage":"en-US","potentialAction":[{"@type":"ReadAction","target":["https:\/\/ricochets.ch\/analyse-de-marque-personnelle-alexandre-ricard\/"]}]},{"@type":"ImageObject","inLanguage":"en-US","@id":"https:\/\/ricochets.ch\/analyse-de-marque-personnelle-alexandre-ricard\/#primaryimage","url":"https:\/\/ricochets.ch\/wp-content\/uploads\/2023\/04\/Ricochets-Bannieres-articles-site-web-3.png","contentUrl":"https:\/\/ricochets.ch\/wp-content\/uploads\/2023\/04\/Ricochets-Bannieres-articles-site-web-3.png","width":1024,"height":683},{"@type":"BreadcrumbList","@id":"https:\/\/ricochets.ch\/analyse-de-marque-personnelle-alexandre-ricard\/#breadcrumb","itemListElement":[{"@type":"ListItem","position":1,"name":"Home","item":"https:\/\/ricochets.ch\/"},{"@type":"ListItem","position":2,"name":"Analyse de marque personnelle &#8211; Alexandre Ricard"}]},{"@type":"WebSite","@id":"https:\/\/ricochets.ch\/#website","url":"https:\/\/ricochets.ch\/","name":"Ricochets Communication","description":"Votre agence d&#039;employee advocacy \u00e0 Lausanne","publisher":{"@id":"https:\/\/ricochets.ch\/#organization"},"potentialAction":[{"@type":"SearchAction","target":{"@type":"EntryPoint","urlTemplate":"https:\/\/ricochets.ch\/?s={search_term_string}"},"query-input":{"@type":"PropertyValueSpecification","valueRequired":true,"valueName":"search_term_string"}}],"inLanguage":"en-US"},{"@type":"Organization","@id":"https:\/\/ricochets.ch\/#organization","name":"Ricochets Communication","url":"https:\/\/ricochets.ch\/","logo":{"@type":"ImageObject","inLanguage":"en-US","@id":"https:\/\/ricochets.ch\/#\/schema\/logo\/image\/","url":"https:\/\/ricochets.ch\/wp-content\/uploads\/2023\/04\/full-logo-blue.svg","contentUrl":"https:\/\/ricochets.ch\/wp-content\/uploads\/2023\/04\/full-logo-blue.svg","width":300,"height":94,"caption":"Ricochets Communication"},"image":{"@id":"https:\/\/ricochets.ch\/#\/schema\/logo\/image\/"}},{"@type":"Person","@id":"https:\/\/ricochets.ch\/#\/schema\/person\/6f617fc578cf74f2b6287b3c3e643663","name":"Renaud Margairaz","image":{"@type":"ImageObject","inLanguage":"en-US","@id":"https:\/\/secure.gravatar.com\/avatar\/5cb4a3decebb30d6cf7ccfc3ac6cffc40f721261912bcc946141dd370c16d986?s=96&d=mm&r=g","url":"https:\/\/secure.gravatar.com\/avatar\/5cb4a3decebb30d6cf7ccfc3ac6cffc40f721261912bcc946141dd370c16d986?s=96&d=mm&r=g","contentUrl":"https:\/\/secure.gravatar.com\/avatar\/5cb4a3decebb30d6cf7ccfc3ac6cffc40f721261912bcc946141dd370c16d986?s=96&d=mm&r=g","caption":"Renaud Margairaz"},"url":"https:\/\/ricochets.ch\/en\/author\/renaud\/"}]}},"_links":{"self":[{"href":"https:\/\/ricochets.ch\/en\/wp-json\/wp\/v2\/posts\/4217","targetHints":{"allow":["GET"]}}],"collection":[{"href":"https:\/\/ricochets.ch\/en\/wp-json\/wp\/v2\/posts"}],"about":[{"href":"https:\/\/ricochets.ch\/en\/wp-json\/wp\/v2\/types\/post"}],"author":[{"embeddable":true,"href":"https:\/\/ricochets.ch\/en\/wp-json\/wp\/v2\/users\/2"}],"replies":[{"embeddable":true,"href":"https:\/\/ricochets.ch\/en\/wp-json\/wp\/v2\/comments?post=4217"}],"version-history":[{"count":0,"href":"https:\/\/ricochets.ch\/en\/wp-json\/wp\/v2\/posts\/4217\/revisions"}],"wp:featuredmedia":[{"embeddable":true,"href":"https:\/\/ricochets.ch\/en\/wp-json\/wp\/v2\/media\/32669"}],"wp:attachment":[{"href":"https:\/\/ricochets.ch\/en\/wp-json\/wp\/v2\/media?parent=4217"}],"wp:term":[{"taxonomy":"category","embeddable":true,"href":"https:\/\/ricochets.ch\/en\/wp-json\/wp\/v2\/categories?post=4217"},{"taxonomy":"post_tag","embeddable":true,"href":"https:\/\/ricochets.ch\/en\/wp-json\/wp\/v2\/tags?post=4217"}],"curies":[{"name":"wp","href":"https:\/\/api.w.org\/{rel}","templated":true}]}}